{"id":11630,"date":"2025-11-06T10:47:38","date_gmt":"2025-11-06T09:47:38","guid":{"rendered":"https:\/\/lusanger-ndbg.fr\/?p=11630"},"modified":"2025-11-06T10:47:38","modified_gmt":"2025-11-06T09:47:38","slug":"journee-de-lutte-contre-le-harcelement","status":"publish","type":"post","link":"https:\/\/lusanger-ndbg.fr\/?p=11630","title":{"rendered":"journ\u00e9e de lutte contre le harc\u00e8lement"},"content":{"rendered":"<p>Aujourd&#8217;hui c&#8217;est la journ\u00e9e nationale de lutte contre le harc\u00e8lement.<\/p>\n<p>Nous en avons parl\u00e9 en classe.<\/p>\n<p>Voici la vid\u00e9o que nous avons vue et que vous pouvez revoir en famille <a href=\"https:\/\/www.youtube.com\/watch?v=nf3xplIYHk0\">LIEN<\/a><\/p>\n<p>+ la carte mentale et l&#8217;affiche mises dans notre classe<\/p>\n<p><img loading=\"lazy\" decoding=\"async\" class=\"aligncenter size-full wp-image-11634\" src=\"http:\/\/lusanger-ndbg.fr\/wp-content\/uploads\/2025\/11\/harcelement-CM.png\" alt=\"\" width=\"664\" height=\"597\" srcset=\"https:\/\/lusanger-ndbg.fr\/wp-content\/uploads\/2025\/11\/harcelement-CM.png 664w, https:\/\/lusanger-ndbg.fr\/wp-content\/uploads\/2025\/11\/harcelement-CM-300x270.png 300w\" sizes=\"auto, (max-width: 664px) 100vw, 664px\" \/><\/p>\n<p><img loading=\"lazy\" decoding=\"async\" class=\"aligncenter size-full wp-image-11632\" src=\"http:\/\/lusanger-ndbg.fr\/wp-content\/uploads\/2025\/11\/dire-non.jpg\" alt=\"\" width=\"920\" height=\"632\" srcset=\"https:\/\/lusanger-ndbg.fr\/wp-content\/uploads\/2025\/11\/dire-non.jpg 920w, https:\/\/lusanger-ndbg.fr\/wp-content\/uploads\/2025\/11\/dire-non-300x206.jpg 300w, https:\/\/lusanger-ndbg.fr\/wp-content\/uploads\/2025\/11\/dire-non-768x528.jpg 768w\" sizes=\"auto, (max-width: 920px) 100vw, 920px\" \/><\/p>\n","protected":false},"excerpt":{"rendered":"<p>Aujourd&#8217;hui c&#8217;est la journ\u00e9e nationale de lutte contre le harc\u00e8lement. Nous en avons parl\u00e9 en classe. Voici la vid\u00e9o que nous avons vue et que vous pouvez revoir en famille LIEN + la carte mentale et l&#8217;affiche mises dans notre classe<\/p>\n","protected":false},"author":3,"featured_media":11632,"comment_status":"closed","ping_status":"closed","sticky":false,"template":"","format":"standard","meta":{"ngg_post_thumbnail":0,"footnotes":""},"categories":[10,5,4],"tags":[],"class_list":["post-11630","post","type-post","status-publish","format-standard","has-post-thumbnail","hentry","category-blog-de-lecole","category-blog-ce-cm","category-mater-cp"],"_links":{"self":[{"href":"https:\/\/lusanger-ndbg.fr\/index.php?rest_route=\/wp\/v2\/posts\/11630","targetHints":{"allow":["GET"]}}],"collection":[{"href":"https:\/\/lusanger-ndbg.fr\/index.php?rest_route=\/wp\/v2\/posts"}],"about":[{"href":"https:\/\/lusanger-ndbg.fr\/index.php?rest_route=\/wp\/v2\/types\/post"}],"author":[{"embeddable":true,"href":"https:\/\/lusanger-ndbg.fr\/index.php?rest_route=\/wp\/v2\/users\/3"}],"replies":[{"embeddable":true,"href":"https:\/\/lusanger-ndbg.fr\/index.php?rest_route=%2Fwp%2Fv2%2Fcomments&post=11630"}],"version-history":[{"count":1,"href":"https:\/\/lusanger-ndbg.fr\/index.php?rest_route=\/wp\/v2\/posts\/11630\/revisions"}],"predecessor-version":[{"id":11635,"href":"https:\/\/lusanger-ndbg.fr\/index.php?rest_route=\/wp\/v2\/posts\/11630\/revisions\/11635"}],"wp:featuredmedia":[{"embeddable":true,"href":"https:\/\/lusanger-ndbg.fr\/index.php?rest_route=\/wp\/v2\/media\/11632"}],"wp:attachment":[{"href":"https:\/\/lusanger-ndbg.fr\/index.php?rest_route=%2Fwp%2Fv2%2Fmedia&parent=11630"}],"wp:term":[{"taxonomy":"category","embeddable":true,"href":"https:\/\/lusanger-ndbg.fr\/index.php?rest_route=%2Fwp%2Fv2%2Fcategories&post=11630"},{"taxonomy":"post_tag","embeddable":true,"href":"https:\/\/lusanger-ndbg.fr\/index.php?rest_route=%2Fwp%2Fv2%2Ftags&post=11630"}],"curies":[{"name":"wp","href":"https:\/\/api.w.org\/{rel}","templated":true}]}}